{"id":1343,"date":"2020-01-10T09:10:18","date_gmt":"2020-01-10T08:10:18","guid":{"rendered":"https:\/\/www.easy-media.de\/blog\/?p=1343"},"modified":"2020-01-14T13:22:10","modified_gmt":"2020-01-14T12:22:10","slug":"noch-mehr-sorten-noch-mehr-cremiger-genuss-branding-design-der-neuen-etiketten-sowie-social-media-fuer-braunes-eierlikoere","status":"publish","type":"post","link":"https:\/\/www.easy-media.de\/blog\/2020\/01\/noch-mehr-sorten-noch-mehr-cremiger-genuss-branding-design-der-neuen-etiketten-sowie-social-media-fuer-braunes-eierlikoere\/","title":{"rendered":"Noch mehr Sorten, noch mehr cremiger Genuss. Branding &#038; Design der neuen Etiketten sowie Social Media f\u00fcr Braune`s Eierlik\u00f6re"},"content":{"rendered":"<p>Der limitierte \u201eEUerlik\u00f6r\u201c des Unternehmens Braune-Brandt GbR war 2018 in s\u00e4mtlichen Pressemedien vertreten und quasi in aller Munde aufgrund der EU-Bestimmungen.<br \/>\nIm letzten Jahr ging der kometenhafte Aufstieg weiter: Das Portfolio wurde erweitert und diverse neue Geschmacksrichtungen entwickelt. Pr\u00e4senz zu Verkaufsveranstaltungen und Events sowie Bekanntmachung \u00fcber Social Media waren nur einige der vielen PR-Ma\u00dfnahmen des Unternehmens aus der B\u00f6rde.<\/p>\n<p>Easymedia kreierte Etiketten und Verpackungen f\u00fcr die neue Sortenvielfalt an Eierlik\u00f6r, der nach dem EU-Beschluss im Fr\u00fchjahr 2019 auch offiziell wieder so benannt werden kann. Zahlreiche individuelle Drucksachen f\u00fcr Zubeh\u00f6r und zur Ausstattung der Verkaufsevents setzten die Produkte ins rechte Licht.<br \/>\nZudem \u00fcberlegten wir uns zeitgem\u00e4\u00dfe und ansprechende Beitr\u00e4ge f\u00fcr die sozialen Kan\u00e4le auf Facebook und Instagram. Ein Highlight darunter die Postings anl\u00e4sslich des Adventskalenders im Dezember, die mehrfach geteilt, geliked und rege kommentiert wurden.<br \/>\nNat\u00fcrlich durfte auch im Hause von easymedia die \u201eobligatorische\u201c Verkostung ausgew\u00e4hlter Sorten nicht fehlen. Im Dezember sorgte nicht zuletzt der Eierpunsch f\u00fcr eine kleine Wonne und weitere Anregung von Geistesblitzen\u2026<\/p>\n<p>Hier geht\u2019s direkt zum Facebook-Kanal:\u00a0<a href=\"https:\/\/www.facebook.com\/braunesshop\/\" target=\"_blank\" rel=\"noopener\">https:\/\/www.facebook.com\/braunesshop\/<\/a><\/p>\n\n\t\t<style type=\"text\/css\">\n\t\t\t#gallery-1 {\n\t\t\t\tmargin: auto;\n\t\t\t}\n\t\t\t#gallery-1 .gallery-item {\n\t\t\t\tfloat: left;\n\t\t\t\tmargin-top: 10px;\n\t\t\t\ttext-align: center;\n\t\t\t\twidth: 33%;\n\t\t\t}\n\t\t\t#gallery-1 img {\n\t\t\t\tborder: 2px solid #cfcfcf;\n\t\t\t}\n\t\t\t#gallery-1 .gallery-caption {\n\t\t\t\tmargin-left: 0;\n\t\t\t}\n\t\t\t\/* see gallery_shortcode() in wp-includes\/media.php *\/\n\t\t<\/style>\n\t\t<div id='gallery-1' class='gallery galleryid-1343 gallery-columns-3 gallery-size-thumbnail'><dl class='gallery-item'>\n\t\t\t<dt class='gallery-icon portrait'>\n\t\t\t\t<a href=\"https:\/\/www.easy-media.de\/blog\/wp-content\/uploads\/2020\/01\/KW48_1512x1890_Eierpunsch.jpg\"><img width=\"300\" height=\"120\" src=\"https:\/\/www.easy-media.de\/blog\/wp-content\/uploads\/2020\/01\/KW48_1512x1890_Eierpunsch-300x120.jpg\" class=\"attachment-thumbnail size-thumbnail\" alt=\"\" decoding=\"async\" loading=\"lazy\" \/><\/a>\n\t\t\t<\/dt><\/dl><dl class='gallery-item'>\n\t\t\t<dt class='gallery-icon landscape'>\n\t\t\t\t<a href=\"https:\/\/www.easy-media.de\/blog\/wp-content\/uploads\/2020\/01\/KW49_1920x1080_Saisionale_Sorten.jpg\"><img width=\"300\" height=\"120\" src=\"https:\/\/www.easy-media.de\/blog\/wp-content\/uploads\/2020\/01\/KW49_1920x1080_Saisionale_Sorten-300x120.jpg\" class=\"attachment-thumbnail size-thumbnail\" alt=\"\" decoding=\"async\" loading=\"lazy\" \/><\/a>\n\t\t\t<\/dt><\/dl><dl class='gallery-item'>\n\t\t\t<dt class='gallery-icon landscape'>\n\t\t\t\t<a href=\"https:\/\/www.easy-media.de\/blog\/wp-content\/uploads\/2020\/01\/vielenDank-400like.jpg\"><img width=\"300\" height=\"120\" src=\"https:\/\/www.easy-media.de\/blog\/wp-content\/uploads\/2020\/01\/vielenDank-400like-300x120.jpg\" class=\"attachment-thumbnail size-thumbnail\" alt=\"\" decoding=\"async\" loading=\"lazy\" \/><\/a>\n\t\t\t<\/dt><\/dl><br style=\"clear: both\" \/>\n\t\t<\/div>\n\n","protected":false},"excerpt":{"rendered":"<p>Der limitierte \u201eEUerlik\u00f6r\u201c des Unternehmens Braune-Brandt GbR war 2018 in s\u00e4mtlichen Pressemedien vertreten und quasi in aller Munde aufgrund der EU-Bestimmungen. Im letzten Jahr ging der kometenhafte Aufstieg weiter: Das Portfolio wurde erweitert und diverse neue Geschmacksrichtungen entwickelt. Pr\u00e4senz zu Verkaufsveranstaltungen und Events sowie Bekanntmachung \u00fcber Social Media waren nur einige der vielen PR-Ma\u00dfnahmen des [&hellip;]<\/p>\n","protected":false},"author":3,"featured_media":0,"comment_status":"closed","ping_status":"closed","sticky":false,"template":"","format":"standard","meta":{"footnotes":""},"categories":[85,86,67],"tags":[],"acf":[],"_links":{"self":[{"href":"https:\/\/www.easy-media.de\/blog\/wp-json\/wp\/v2\/posts\/1343"}],"collection":[{"href":"https:\/\/www.easy-media.de\/blog\/wp-json\/wp\/v2\/posts"}],"about":[{"href":"https:\/\/www.easy-media.de\/blog\/wp-json\/wp\/v2\/types\/post"}],"author":[{"embeddable":true,"href":"https:\/\/www.easy-media.de\/blog\/wp-json\/wp\/v2\/users\/3"}],"replies":[{"embeddable":true,"href":"https:\/\/www.easy-media.de\/blog\/wp-json\/wp\/v2\/comments?post=1343"}],"version-history":[{"count":1,"href":"https:\/\/www.easy-media.de\/blog\/wp-json\/wp\/v2\/posts\/1343\/revisions"}],"predecessor-version":[{"id":1348,"href":"https:\/\/www.easy-media.de\/blog\/wp-json\/wp\/v2\/posts\/1343\/revisions\/1348"}],"wp:attachment":[{"href":"https:\/\/www.easy-media.de\/blog\/wp-json\/wp\/v2\/media?parent=1343"}],"wp:term":[{"taxonomy":"category","embeddable":true,"href":"https:\/\/www.easy-media.de\/blog\/wp-json\/wp\/v2\/categories?post=1343"},{"taxonomy":"post_tag","embeddable":true,"href":"https:\/\/www.easy-media.de\/blog\/wp-json\/wp\/v2\/tags?post=1343"}],"curies":[{"name":"wp","href":"https:\/\/api.w.org\/{rel}","templated":true}]}}